{"id":391,"date":"2025-08-15T12:31:28","date_gmt":"2025-08-15T16:31:28","guid":{"rendered":"https:\/\/revicentro.cl\/blog\/?p=391"},"modified":"2025-08-15T12:31:32","modified_gmt":"2025-08-15T16:31:32","slug":"cuanto-incrementa-gasto-de-combustible-uso-de-aire-acondicionado-en-marcha","status":"publish","type":"post","link":"https:\/\/revicentro.cl\/blog\/cuanto-incrementa-gasto-de-combustible-uso-de-aire-acondicionado-en-marcha\/","title":{"rendered":"\u00bfEn cu\u00e1nto incrementa el gasto de combustible el uso de aire acondicionado en marcha?"},"content":{"rendered":"\n<p class=\"\">En verano, el aire acondicionado es un alivio indispensable al conducir, pero tambi\u00e9n puede elevar el consumo de bencina. Estudios indican que su uso en marcha puede incrementar el gasto entre <strong>5% y 20%<\/strong>, dependiendo de factores como la temperatura exterior, el tipo de veh\u00edculo y el estado del sistema. En esta gu\u00eda de Revicentro encontrar\u00e1s datos reales, ejemplos con precios de Chile y consejos para ahorrar combustible sin sacrificar comodidad.<\/p>\n\n\n\n<h2 class=\"wp-block-heading\"><strong>\u00bfCu\u00e1nto aumenta el consumo de bencina al usar el aire acondicionado?<\/strong><\/h2>\n\n\n\n<p class=\"\">El aumento exacto depende de las condiciones, pero en promedio:<\/p>\n\n\n\n<ul class=\"wp-block-list\">\n<li class=\"\"><strong>M\u00ednimo:<\/strong> 5% en autos con sistemas eficientes y uso moderado.<\/li>\n\n\n\n<li class=\"\"><strong>Promedio:<\/strong> 10% a 15% en d\u00edas calurosos t\u00edpicos del verano chileno.<\/li>\n\n\n\n<li class=\"\"><strong>M\u00e1ximo:<\/strong> 20% en d\u00edas extremos, especialmente en veh\u00edculos con motores peque\u00f1os o sistemas antiguos.<\/li>\n<\/ul>\n\n\n\n<p class=\"\"><strong>Ejemplo en Chile:<\/strong><strong><br><\/strong>Si tu auto consume <strong>8 litros\/100 km<\/strong>, un aumento del 10% equivale a <strong>0,8 litros extra<\/strong>. Con un precio de bencina de <strong>$1.300 CLP por litro<\/strong> (valor promedio 2025), ser\u00edan <strong>$1.040 adicionales cada 100 km<\/strong>.<\/p>\n\n\n\n<figure class=\"wp-block-image aligncenter size-full is-resized\"><img fetchpriority=\"high\" decoding=\"async\" width=\"2000\" height=\"1333\" src=\"https:\/\/revicentro.cl\/blog\/wp-content\/smush-webp\/2025\/08\/aire-acondicionado-gasto-de-gasolina.jpg.webp\" alt=\"\" class=\"wp-image-392\" style=\"width:671px;height:auto\" srcset=\"https:\/\/revicentro.cl\/blog\/wp-content\/smush-webp\/2025\/08\/aire-acondicionado-gasto-de-gasolina.jpg.webp 2000w, https:\/\/revicentro.cl\/blog\/wp-content\/smush-webp\/2025\/08\/aire-acondicionado-gasto-de-gasolina-600x400.jpg.webp 600w, https:\/\/revicentro.cl\/blog\/wp-content\/smush-webp\/2025\/08\/aire-acondicionado-gasto-de-gasolina-768x512.jpg.webp 768w, https:\/\/revicentro.cl\/blog\/wp-content\/smush-webp\/2025\/08\/aire-acondicionado-gasto-de-gasolina-1536x1024.jpg.webp 1536w\" sizes=\"(max-width: 2000px) 100vw, 2000px\" \/><\/figure>\n\n\n\n<figure class=\"wp-block-table\"><table class=\"has-fixed-layout\"><tbody><tr><td><strong>Tipo de veh\u00edculo<\/strong><\/td><td><strong>Consumo base (L\/100 km)<\/strong><\/td><td><strong>Incremento m\u00ednimo (5%)<\/strong><\/td><td><strong>Costo extra (CLP)<\/strong><\/td><td><strong>Incremento promedio (12%)<\/strong><\/td><td><strong>Costo extra (CLP)<\/strong><\/td><td><strong>Incremento m\u00e1ximo (20%)<\/strong><\/td><td><strong>Costo extra (CLP)<\/strong><\/td><\/tr><tr><td><strong>Ciudad compacto<\/strong> (ej. Suzuki Swift)<\/td><td>6,5<\/td><td>+0,33 L<\/td><td>$429<\/td><td>+0,78 L<\/td><td>$1.014<\/td><td>+1,30 L<\/td><td>$1.690<\/td><\/tr><tr><td><strong>Sed\u00e1n mediano<\/strong> (ej. Toyota Corolla)<\/td><td>8,0<\/td><td>+0,40 L<\/td><td>$520<\/td><td>+0,96 L<\/td><td>$1.248<\/td><td>+1,60 L<\/td><td>$2.080<\/td><\/tr><tr><td><strong>SUV mediano<\/strong> (ej. Hyundai Tucson)<\/td><td>10,0<\/td><td>+0,50 L<\/td><td>$650<\/td><td>+1,20 L<\/td><td>$1.560<\/td><td>+2,00 L<\/td><td>$2.600<\/td><\/tr><tr><td><strong>Camioneta grande<\/strong> (ej. Toyota Hilux)<\/td><td>12,0<\/td><td>+0,60 L<\/td><td>$780<\/td><td>+1,44 L<\/td><td>$1.872<\/td><td>+2,40 L<\/td><td>$3.120<\/td><\/tr><\/tbody><\/table><\/figure>\n\n\n\n<h2 class=\"wp-block-heading\"><strong>Factores que influyen en el aumento del consumo<\/strong><\/h2>\n\n\n\n<h3 class=\"wp-block-heading\"><strong>Temperatura exterior<\/strong><\/h3>\n\n\n\n<p class=\"\">En d\u00edas sobre 30 \u00b0C, el compresor trabaja con mayor intensidad, lo que aumenta el gasto de combustible.<\/p>\n\n\n\n<h3 class=\"wp-block-heading\"><strong>Eficiencia del sistema<\/strong><\/h3>\n\n\n\n<p class=\"\">Aires acondicionados modernos son m\u00e1s eficientes; uno antiguo o con mantenci\u00f3n deficiente gasta m\u00e1s.<\/p>\n\n\n\n<h3 class=\"wp-block-heading\"><strong>Tipo y tama\u00f1o del veh\u00edculo<\/strong><\/h3>\n\n\n\n<p class=\"\">Veh\u00edculos m\u00e1s grandes o motores peque\u00f1os suelen mostrar incrementos m\u00e1s altos.<\/p>\n\n\n\n<h3 class=\"wp-block-heading\"><strong>Velocidad de conducci\u00f3n<\/strong><\/h3>\n\n\n\n<p class=\"\">En carretera el impacto puede ser menor que en ciudad, donde hay m\u00e1s detenciones y aceleraciones.<\/p>\n\n\n\n<h2 class=\"wp-block-heading\"><strong>Consejos para reducir el consumo usando aire acondicionado<\/strong><\/h2>\n\n\n\n<ol class=\"wp-block-list\">\n<li class=\"\"><strong>Ajustar a temperaturas moderadas<\/strong> (22\u00b0C a 25\u00b0C).<\/li>\n\n\n\n<li class=\"\"><strong>Ventilar el auto antes de encender el aire<\/strong> si estuvo al sol.<\/li>\n\n\n\n<li class=\"\"><strong>Alternar ventilaci\u00f3n natural y aire acondicionado<\/strong> en d\u00edas menos calurosos.<\/li>\n\n\n\n<li class=\"\"><strong>Mantener el sistema al d\u00eda<\/strong> con limpieza de filtros y revisi\u00f3n de gas refrigerante en talleres certificados como Revicentro.<\/li>\n<\/ol>\n\n\n\n<h2 class=\"wp-block-heading\"><strong>Preguntas frecuentes<\/strong><\/h2>\n\n\n<div id=\"rank-math-faq\" class=\"rank-math-block\">\n<div class=\"rank-math-list \">\n<div id=\"faq-question-1755275223459\" class=\"rank-math-list-item\">\n<h3 class=\"rank-math-question \"><strong>\u00a0\u00bfEl aire acondicionado gasta m\u00e1s bencina?<\/strong><\/h3>\n<div class=\"rank-math-answer \">\n\n<p>S\u00ed. El aumento promedio es de 5% a 20%, seg\u00fan temperatura, veh\u00edculo y estado del sistema.<\/p>\n\n<\/div>\n<\/div>\n<div id=\"faq-question-1755275380475\" class=\"rank-math-list-item\">\n<h3 class=\"rank-math-question \"><strong>\u00bfCu\u00e1nto cuesta en Chile usar el aire acondicionado?<\/strong><\/h3>\n<div class=\"rank-math-answer \">\n\n<p>En un auto que consuma 8 L\/100 km, el gasto extra puede ir de $650 a $2.000 por cada 100 km, seg\u00fan las condiciones.<\/p>\n\n<\/div>\n<\/div>\n<div id=\"faq-question-1755275390671\" class=\"rank-math-list-item\">\n<h3 class=\"rank-math-question \"><strong>\u00a0\u00bfC\u00f3mo ahorrar bencina usando aire acondicionado?<\/strong><\/h3>\n<div class=\"rank-math-answer \">\n\n<p>Evita temperaturas extremas, ventila antes de encenderlo y realiza mantenci\u00f3n peri\u00f3dica.<\/p>\n\n<\/div>\n<\/div>\n<\/div>\n<\/div>","protected":false},"excerpt":{"rendered":"<p>En verano, el aire acondicionado es un alivio indispensable al conducir, pero tambi\u00e9n puede elevar el consumo de bencina. Estudios [&hellip;]<\/p>\n","protected":false},"author":5,"featured_media":393,"comment_status":"open","ping_status":"closed","sticky":false,"template":"","format":"standard","meta":{"nf_dc_page":"","site-sidebar-layout":"default","site-content-layout":"","ast-site-content-layout":"default","site-content-style":"default","site-sidebar-style":"default","ast-global-header-display":"","ast-banner-title-visibility":"","ast-main-header-display":"","ast-hfb-above-header-display":"","ast-hfb-below-header-display":"","ast-hfb-mobile-header-display":"","site-post-title":"","ast-breadcrumbs-content":"","ast-featured-img":"","footer-sml-layout":"","ast-disable-related-posts":"","theme-transparent-header-meta":"","adv-header-id-meta":"","stick-header-meta":"","header-above-stick-meta":"","header-main-stick-meta":"","header-below-stick-meta":"","astra-migrate-meta-layouts":"default","ast-page-background-enabled":"default","ast-page-background-meta":{"desktop":{"background-color":"var(--ast-global-color-4)","background-image":"","background-repeat":"repeat","background-position":"center center","background-size":"auto","background-attachment":"scroll","background-type":"","background-media":"","overlay-type":"","overlay-color":"","overlay-opacity":"","overlay-gradient":""},"tablet":{"background-color":"","background-image":"","background-repeat":"repeat","background-position":"center center","background-size":"auto","background-attachment":"scroll","background-type":"","background-media":"","overlay-type":"","overlay-color":"","overlay-opacity":"","overlay-gradient":""},"mobile":{"background-color":"","background-image":"","background-repeat":"repeat","background-position":"center center","background-size":"auto","background-attachment":"scroll","background-type":"","background-media":"","overlay-type":"","overlay-color":"","overlay-opacity":"","overlay-gradient":""}},"ast-content-background-meta":{"desktop":{"background-color":"var(--ast-global-color-5)","background-image":"","background-repeat":"repeat","background-position":"center center","background-size":"auto","background-attachment":"scroll","background-type":"","background-media":"","overlay-type":"","overlay-color":"","overlay-opacity":"","overlay-gradient":""},"tablet":{"background-color":"var(--ast-global-color-5)","background-image":"","background-repeat":"repeat","background-position":"center center","background-size":"auto","background-attachment":"scroll","background-type":"","background-media":"","overlay-type":"","overlay-color":"","overlay-opacity":"","overlay-gradient":""},"mobile":{"background-color":"var(--ast-global-color-5)","background-image":"","background-repeat":"repeat","background-position":"center center","background-size":"auto","background-attachment":"scroll","background-type":"","background-media":"","overlay-type":"","overlay-color":"","overlay-opacity":"","overlay-gradient":""}},"footnotes":""},"categories":[1],"tags":[],"class_list":["post-391","post","type-post","status-publish","format-standard","has-post-thumbnail","hentry","category-uncategorized"],"rank_math_title":"En cu\u00e1nto incrementa el gasto de combustible el uso de aire acondicionado en marcha | Revicentro ","rank_math_description":"\u00bfEl aire acondicionado gasta m\u00e1s bencina? Descubre cu\u00e1nto aumenta el consumo en Chile, qu\u00e9 factores influyen y c\u00f3mo reducir el gasto en tu veh\u00edculo.","rank_math_focus_keyword":"en cuanto incrementa el gasto de combustible el uso de aire acondicionado en marcha","_links":{"self":[{"href":"https:\/\/revicentro.cl\/blog\/wp-json\/wp\/v2\/posts\/391","targetHints":{"allow":["GET"]}}],"collection":[{"href":"https:\/\/revicentro.cl\/blog\/wp-json\/wp\/v2\/posts"}],"about":[{"href":"https:\/\/revicentro.cl\/blog\/wp-json\/wp\/v2\/types\/post"}],"author":[{"embeddable":true,"href":"https:\/\/revicentro.cl\/blog\/wp-json\/wp\/v2\/users\/5"}],"replies":[{"embeddable":true,"href":"https:\/\/revicentro.cl\/blog\/wp-json\/wp\/v2\/comments?post=391"}],"version-history":[{"count":1,"href":"https:\/\/revicentro.cl\/blog\/wp-json\/wp\/v2\/posts\/391\/revisions"}],"predecessor-version":[{"id":394,"href":"https:\/\/revicentro.cl\/blog\/wp-json\/wp\/v2\/posts\/391\/revisions\/394"}],"wp:featuredmedia":[{"embeddable":true,"href":"https:\/\/revicentro.cl\/blog\/wp-json\/wp\/v2\/media\/393"}],"wp:attachment":[{"href":"https:\/\/revicentro.cl\/blog\/wp-json\/wp\/v2\/media?parent=391"}],"wp:term":[{"taxonomy":"category","embeddable":true,"href":"https:\/\/revicentro.cl\/blog\/wp-json\/wp\/v2\/categories?post=391"},{"taxonomy":"post_tag","embeddable":true,"href":"https:\/\/revicentro.cl\/blog\/wp-json\/wp\/v2\/tags?post=391"}],"curies":[{"name":"wp","href":"https:\/\/api.w.org\/{rel}","templated":true}]}}