{"id":32,"date":"2024-09-21T03:06:07","date_gmt":"2024-09-21T06:06:07","guid":{"rendered":"https:\/\/revicentro.cl\/blog\/?p=32"},"modified":"2025-07-21T22:10:48","modified_gmt":"2025-07-22T02:10:48","slug":"calendario-revision-tecnica","status":"publish","type":"post","link":"https:\/\/revicentro.cl\/blog\/calendario-revision-tecnica\/","title":{"rendered":"Calendario revisi\u00f3n t\u00e9cnica 2025"},"content":{"rendered":"\n<p class=\"\">El <strong>calendario de revisi\u00f3n t\u00e9cnica<\/strong> se utiliza para organizar de manera eficiente la <strong>inspecci\u00f3n t\u00e9cnica de veh\u00edculos<\/strong> en Chile. Cada mes se asigna prioridad a ciertas <strong>patentes seg\u00fan su \u00faltimo d\u00edgito<\/strong>, lo que permite evitar aglomeraciones y realizar la <strong>revisi\u00f3n t\u00e9cnica m\u00e1s r\u00e1pida y sin filas<\/strong> en nuestras plantas, como <strong>Revicentro Vi\u00f1a del Mar<\/strong> o <strong>Revicentro Placilla<\/strong>.<\/p>\n\n\n\n<p class=\"\">Recuerda que <strong>no realizar la revisi\u00f3n t\u00e9cnica dentro del plazo correspondiente<\/strong> es una infracci\u00f3n grave que puede traer multas y la retenci\u00f3n de tu veh\u00edculo.En los meses de <strong>marzo y diciembre<\/strong> no se asigna ning\u00fan d\u00edgito espec\u00edfico. Sin embargo, puedes acudir si est\u00e1s <strong>atrasado<\/strong> o si deseas <strong>adelantar tu revisi\u00f3n t\u00e9cnica<\/strong>.<\/p>\n\n\n\n<figure class=\"wp-block-gallery has-nested-images columns-default is-cropped wp-block-gallery-1 is-layout-flex wp-block-gallery-is-layout-flex\">\n<figure class=\"wp-block-image size-large\"><img fetchpriority=\"high\" decoding=\"async\" width=\"2048\" height=\"1148\" data-id=\"178\" src=\"https:\/\/revicentro.cl\/blog\/wp-content\/uploads\/2024\/09\/calendario-revision-2048x1148.jpg\" alt=\"Calendario revisi\u00f3n\" class=\"wp-image-178\" srcset=\"https:\/\/revicentro.cl\/blog\/wp-content\/uploads\/2024\/09\/calendario-revision-2048x1148.jpg 2048w, https:\/\/revicentro.cl\/blog\/wp-content\/uploads\/2024\/09\/calendario-revision-600x336.jpg 600w, https:\/\/revicentro.cl\/blog\/wp-content\/uploads\/2024\/09\/calendario-revision-768x430.jpg 768w, https:\/\/revicentro.cl\/blog\/wp-content\/uploads\/2024\/09\/calendario-revision-1536x861.jpg 1536w\" sizes=\"(max-width: 2048px) 100vw, 2048px\" \/><\/figure>\n<\/figure>\n\n\n\n<h2 class=\"wp-block-heading\"><strong>\u00bfCu\u00e1ndo te toca la revisi\u00f3n t\u00e9cnica si tienes un auto que debe pasarla una vez al a\u00f1o?<\/strong><\/h2>\n\n\n\n<p class=\"\">Consulta la siguiente <strong>tabla de revisi\u00f3n t\u00e9cnica 2025<\/strong>, basada en el <strong>\u00faltimo n\u00famero de tu patente<\/strong>, para saber <strong>qu\u00e9 mes te corresponde<\/strong>:<\/p>\n\n\n\n<figure class=\"wp-block-table\"><table class=\"has-fixed-layout\"><tbody><tr><td><strong>Mes<\/strong><\/td><td><strong>\u00daltimo d\u00edgito de la patente<\/strong><\/td><\/tr><tr><td>Enero<\/td><td>9<\/td><\/tr><tr><td>Febrero<\/td><td>0<\/td><\/tr><tr><td>Marzo<\/td><td>&#8211;<\/td><\/tr><tr><td>Abril<\/td><td>1<\/td><\/tr><tr><td>Mayo<\/td><td>2<\/td><\/tr><tr><td>Junio<\/td><td>3<\/td><\/tr><tr><td>Julio<\/td><td>4<\/td><\/tr><tr><td>Agosto<\/td><td>5<\/td><\/tr><tr><td>Septiembre<\/td><td>6<\/td><\/tr><tr><td>Octubre<\/td><td>7<\/td><\/tr><tr><td>Noviembre<\/td><td>8<\/td><\/tr><tr><td>Diciembre<\/td><td>&#8211;<\/td><\/tr><\/tbody><\/table><\/figure>\n\n\n\n<p class=\"\">Esta <strong>tabla revisi\u00f3n t\u00e9cnica 2025<\/strong> aplica para veh\u00edculos que deben pasar la inspecci\u00f3n <strong>una vez al a\u00f1o<\/strong>.<\/p>\n\n\n\n<h2 class=\"wp-block-heading\"><strong>\u00bfQu\u00e9 veh\u00edculos deben pasar la revisi\u00f3n t\u00e9cnica semestral?<\/strong><\/h2>\n\n\n\n<p class=\"\">Los veh\u00edculos que deben realizar la revisi\u00f3n t\u00e9cnica dos veces al a\u00f1o no siguen el calendario anterior, sino que deben pasar cada seis meses exactamente la revisi\u00f3n t\u00e9cnica en las plantas de revisi\u00f3n que ofrezcan servicios para este tipo de veh\u00edculos.<\/p>\n\n\n\n<ul class=\"wp-block-list\">\n<li class=\"\">Veh\u00edculos de transporte de personas de m\u00e1s de nueve asientos, incluido el del conductor<\/li>\n\n\n\n<li class=\"\">Veh\u00edculos motorizados de carga con capacidad para transportar m\u00e1s de 1.750 kilogramos, sus remolques y semirremolques<\/li>\n\n\n\n<li class=\"\">Taxis<\/li>\n\n\n\n<li class=\"\">Veh\u00edculos-escuela<\/li>\n\n\n\n<li class=\"\">Veh\u00edculos de transporte escolar y veh\u00edculos que empleen GLP o GNC como combustible<\/li>\n\n\n\n<li class=\"\">Veh\u00edculos que circulan en la regi\u00f3n Metropolitana y que hayan sido inscritos en el registro de veh\u00edculos motorizados antes del 1 de septiembre de 1992<\/li>\n\n\n\n<li class=\"\">Camionetas, jeeps y furgones, que circulan en la regi\u00f3n Metropolitana y que hayan sido inscritos en el registro de veh\u00edculos motorizados despu\u00e9s del 1 de septiembre de 1992, a nombre de personas jur\u00eddicas.<\/li>\n<\/ul>\n\n\n\n<h2 class=\"wp-block-heading\"><strong>Documentos para la revisi\u00f3n t\u00e9cnica<\/strong><\/h2>\n\n\n\n<p class=\"\">Los documentos exigidos por ley para que tu veh\u00edculo se someta al proceso de revisi\u00f3n t\u00e9cnica son los siguientes:<\/p>\n\n\n\n<ul class=\"wp-block-list\">\n<li class=\"\">El certificado de revisi\u00f3n t\u00e9cnica anterior u homologaci\u00f3n de tu veh\u00edculo (si es nuevo).<\/li>\n\n\n\n<li class=\"\">Certificado de gases contaminantes anterior.<\/li>\n\n\n\n<li class=\"\"><strong><a href=\"https:\/\/revicentro.cl\/blog\/como-sacar-el-permiso-de-circulacion\/\" target=\"_blank\" data-type=\"link\" data-id=\"https:\/\/revicentro.cl\/blog\/como-sacar-el-permiso-de-circulacion\/\" rel=\"noreferrer noopener\">Permiso de circulaci\u00f3n<\/a><\/strong> anterior.<\/li>\n\n\n\n<li class=\"\">El certificado de Inscripci\u00f3n del registro de veh\u00edculos motorizados (Padr\u00f3n).<\/li>\n<\/ul>\n\n\n\n<h2 class=\"wp-block-heading\"><strong>Horarios de las plantas de revisi\u00f3n t\u00e9cnica&nbsp;<\/strong><\/h2>\n\n\n\n<p class=\"\">Trae tu veh\u00edculo a la revisi\u00f3n t\u00e9cnica peri\u00f3dica, en Revicentro contamos con tecnolog\u00eda de alta calidad y analizamos bajo est\u00e1ndares estrictos si tu veh\u00edculo tiene las condiciones t\u00e9cnicas necesarias para velar por la seguridad durante la circulaci\u00f3n para ti y para los dem\u00e1s veh\u00edculos y sus ocupantes.&nbsp;<\/p>\n\n\n\n<p class=\"\">Actualmente, nuestras plantas son consideradas un servicio esencial por el Gobierno de Chile y manejamos los siguientes horarios:<\/p>\n\n\n\n<ul class=\"wp-block-list\">\n<li class=\"\">Horario planta de <strong><a href=\"https:\/\/revicentro.cl\/blog\/planta-revision-tecnica-placilla\/\" target=\"_blank\" data-type=\"link\" data-id=\"https:\/\/revicentro.cl\/blog\/planta-revision-tecnica-placilla\/\" rel=\"noreferrer noopener\">revisi\u00f3n t\u00e9cnica Placilla<\/a><\/strong>: Lunes a s\u00e1bados de 08:30 hasta las 17:30<\/li>\n\n\n\n<li class=\"\">Horarios planta de <strong><a href=\"https:\/\/revicentro.cl\/blog\/revision-tecnica-vina-del-mar\/\" target=\"_blank\" data-type=\"link\" data-id=\"https:\/\/revicentro.cl\/blog\/revision-tecnica-vina-del-mar\/\" rel=\"noreferrer noopener\">revisi\u00f3n t\u00e9cnica Vi\u00f1a del mar<\/a><\/strong>: Lunes a s\u00e1bados de 08:00 hasta las 17:00<\/li>\n<\/ul>\n\n\n\n<h2 class=\"wp-block-heading\"><strong>Preguntas frecuentes<\/strong><\/h2>\n\n\n\n<h3 class=\"wp-block-heading\"><strong>\u00bfC\u00f3mo saber cu\u00e1ndo me toca la revisi\u00f3n t\u00e9cnica?<\/strong><\/h3>\n\n\n\n<p class=\"\">Solo debes mirar el <strong>\u00faltimo n\u00famero de tu patente<\/strong> y consultar el <strong>calendario de revisi\u00f3n t\u00e9cnica por d\u00edgito<\/strong>. Tambi\u00e9n puedes buscarlo en l\u00ednea como:<\/p>\n\n\n\n<ul class=\"wp-block-list\">\n<li class=\"\">\u201ccu\u00e1ndo me toca la revisi\u00f3n t\u00e9cnica\u201d<\/li>\n\n\n\n<li class=\"\">\u201crevisi\u00f3n t\u00e9cnica por n\u00famero de patente\u201d<\/li>\n\n\n\n<li class=\"\">\u201cfechas de revisi\u00f3n t\u00e9cnica 2025\u201d<\/li>\n\n\n\n<li class=\"\">\u201cmes de revisi\u00f3n t\u00e9cnica seg\u00fan n\u00famero\u201d<\/li>\n<\/ul>\n\n\n\n<h3 class=\"wp-block-heading\"><strong>\u00bfQu\u00e9 pasa si se me vence la revisi\u00f3n t\u00e9cnica?<\/strong><\/h3>\n\n\n\n<p class=\"\">Tendr\u00e1s una <strong>multa grave<\/strong> y podr\u00edas ser detenido por Carabineros. Adem\u00e1s, no podr\u00e1s renovar tu <strong>permiso de circulaci\u00f3n<\/strong>.<\/p>\n\n\n\n<h3 class=\"wp-block-heading\"><strong>\u00bfPuedo hacer la revisi\u00f3n t\u00e9cnica antes del mes que me corresponde?<\/strong><\/h3>\n\n\n\n<p class=\"\">S\u00ed. De hecho, puedes <strong>adelantar tu revisi\u00f3n t\u00e9cnica<\/strong> en los meses de marzo o diciembre si lo necesitas.<\/p>\n","protected":false},"excerpt":{"rendered":"<p>El calendario de revisi\u00f3n t\u00e9cnica se utiliza para organizar de manera eficiente la inspecci\u00f3n t\u00e9cnica de veh\u00edculos en Chile. Cada [&hellip;]<\/p>\n","protected":false},"author":5,"featured_media":178,"comment_status":"closed","ping_status":"closed","sticky":false,"template":"","format":"standard","meta":{"nf_dc_page":"","site-sidebar-layout":"default","site-content-layout":"","ast-site-content-layout":"default","site-content-style":"default","site-sidebar-style":"default","ast-global-header-display":"","ast-banner-title-visibility":"","ast-main-header-display":"","ast-hfb-above-header-display":"","ast-hfb-below-header-display":"","ast-hfb-mobile-header-display":"","site-post-title":"","ast-breadcrumbs-content":"","ast-featured-img":"","footer-sml-layout":"","ast-disable-related-posts":"","theme-transparent-header-meta":"","adv-header-id-meta":"","stick-header-meta":"","header-above-stick-meta":"","header-main-stick-meta":"","header-below-stick-meta":"","astra-migrate-meta-layouts":"default","ast-page-background-enabled":"default","ast-page-background-meta":{"desktop":{"background-color":"var(--ast-global-color-4)","background-image":"","background-repeat":"repeat","background-position":"center center","background-size":"auto","background-attachment":"scroll","background-type":"","background-media":"","overlay-type":"","overlay-color":"","overlay-opacity":"","overlay-gradient":""},"tablet":{"background-color":"","background-image":"","background-repeat":"repeat","background-position":"center center","background-size":"auto","background-attachment":"scroll","background-type":"","background-media":"","overlay-type":"","overlay-color":"","overlay-opacity":"","overlay-gradient":""},"mobile":{"background-color":"","background-image":"","background-repeat":"repeat","background-position":"center center","background-size":"auto","background-attachment":"scroll","background-type":"","background-media":"","overlay-type":"","overlay-color":"","overlay-opacity":"","overlay-gradient":""}},"ast-content-background-meta":{"desktop":{"background-color":"var(--ast-global-color-5)","background-image":"","background-repeat":"repeat","background-position":"center center","background-size":"auto","background-attachment":"scroll","background-type":"","background-media":"","overlay-type":"","overlay-color":"","overlay-opacity":"","overlay-gradient":""},"tablet":{"background-color":"var(--ast-global-color-5)","background-image":"","background-repeat":"repeat","background-position":"center center","background-size":"auto","background-attachment":"scroll","background-type":"","background-media":"","overlay-type":"","overlay-color":"","overlay-opacity":"","overlay-gradient":""},"mobile":{"background-color":"var(--ast-global-color-5)","background-image":"","background-repeat":"repeat","background-position":"center center","background-size":"auto","background-attachment":"scroll","background-type":"","background-media":"","overlay-type":"","overlay-color":"","overlay-opacity":"","overlay-gradient":""}},"footnotes":""},"categories":[1],"tags":[],"class_list":["post-32","post","type-post","status-publish","format-standard","has-post-thumbnail","hentry","category-uncategorized"],"rank_math_title":"Calendario revisi\u00f3n t\u00e9cnica 2025 - Revicentro","rank_math_description":"Conoce el calendario revisi\u00f3n t\u00e9cnica 2025, cu\u00e1les son los documentos necesarios y el horario de atenci\u00f3n de nuestras plantas de revisi\u00f3n t\u00e9cnica\n","rank_math_focus_keyword":"calendario revision","_links":{"self":[{"href":"https:\/\/revicentro.cl\/blog\/wp-json\/wp\/v2\/posts\/32","targetHints":{"allow":["GET"]}}],"collection":[{"href":"https:\/\/revicentro.cl\/blog\/wp-json\/wp\/v2\/posts"}],"about":[{"href":"https:\/\/revicentro.cl\/blog\/wp-json\/wp\/v2\/types\/post"}],"author":[{"embeddable":true,"href":"https:\/\/revicentro.cl\/blog\/wp-json\/wp\/v2\/users\/5"}],"replies":[{"embeddable":true,"href":"https:\/\/revicentro.cl\/blog\/wp-json\/wp\/v2\/comments?post=32"}],"version-history":[{"count":4,"href":"https:\/\/revicentro.cl\/blog\/wp-json\/wp\/v2\/posts\/32\/revisions"}],"predecessor-version":[{"id":376,"href":"https:\/\/revicentro.cl\/blog\/wp-json\/wp\/v2\/posts\/32\/revisions\/376"}],"wp:featuredmedia":[{"embeddable":true,"href":"https:\/\/revicentro.cl\/blog\/wp-json\/wp\/v2\/media\/178"}],"wp:attachment":[{"href":"https:\/\/revicentro.cl\/blog\/wp-json\/wp\/v2\/media?parent=32"}],"wp:term":[{"taxonomy":"category","embeddable":true,"href":"https:\/\/revicentro.cl\/blog\/wp-json\/wp\/v2\/categories?post=32"},{"taxonomy":"post_tag","embeddable":true,"href":"https:\/\/revicentro.cl\/blog\/wp-json\/wp\/v2\/tags?post=32"}],"curies":[{"name":"wp","href":"https:\/\/api.w.org\/{rel}","templated":true}]}}