{"id":215,"date":"2024-10-18T11:37:40","date_gmt":"2024-10-18T14:37:40","guid":{"rendered":"https:\/\/revicentro.cl\/blog\/?p=215"},"modified":"2025-08-22T14:21:19","modified_gmt":"2025-08-22T18:21:19","slug":"revision-tecnica-en-alvarez","status":"publish","type":"post","link":"https:\/\/revicentro.cl\/blog\/revision-tecnica-en-alvarez\/","title":{"rendered":"Revisi\u00f3n t\u00e9cnica en \u00c1lvarez"},"content":{"rendered":"\n<p class=\"\">Ac\u00e9rcate a nuestra planta de <a href=\"https:\/\/revicentro.cl\/blog\/revision-tecnica-vina-del-mar\/\"><strong>revisi\u00f3n t\u00e9cnica vehicular en \u00c1lvarez<\/strong><\/a>, ubicada en <em>Calle Limache 3677, El Salto, Vi\u00f1a del Mar<\/em>. En Revicentro trabajamos con un equipo de profesionales altamente capacitados que garantizan un servicio <strong>\u00e1gil, seguro y confiable<\/strong>, pensado para simplificar tus tr\u00e1mites y mantener tu veh\u00edculo en \u00f3ptimas condiciones.<\/p>\n\n\n\n<p class=\"\">En Revicentro, sabemos que la <strong>revisi\u00f3n t\u00e9cnica en \u00c1lvarez<\/strong> es fundamental para asegurar tu seguridad, prolongar la vida \u00fatil de tu auto y cumplir con la normativa vigente en Chile.<\/p>\n\n\n\n<p class=\"\"><strong>Reserva tu cita hoy y evita largas esperas.<\/strong><\/p>\n\n\n\n<figure class=\"wp-block-gallery has-nested-images columns-default is-cropped wp-block-gallery-1 is-layout-flex wp-block-gallery-is-layout-flex\">\n<figure class=\"wp-block-image size-large\"><img fetchpriority=\"high\" decoding=\"async\" width=\"2048\" height=\"1152\" data-id=\"206\" src=\"https:\/\/revicentro.cl\/blog\/wp-content\/uploads\/2024\/10\/revision-tecnica-vehicular-2048x1152.jpg\" alt=\"Revisi\u00f3n t\u00e9cnica vehicular\" class=\"wp-image-206\" srcset=\"https:\/\/revicentro.cl\/blog\/wp-content\/uploads\/2024\/10\/revision-tecnica-vehicular-2048x1152.jpg 2048w, https:\/\/revicentro.cl\/blog\/wp-content\/uploads\/2024\/10\/revision-tecnica-vehicular-600x337.jpg 600w, https:\/\/revicentro.cl\/blog\/wp-content\/uploads\/2024\/10\/revision-tecnica-vehicular-768x432.jpg 768w, https:\/\/revicentro.cl\/blog\/wp-content\/uploads\/2024\/10\/revision-tecnica-vehicular-1536x864.jpg 1536w\" sizes=\"(max-width: 2048px) 100vw, 2048px\" \/><\/figure>\n<\/figure>\n\n\n\n<h2 class=\"wp-block-heading\"><strong>\u00bfPor qu\u00e9 elegir a Revicentro?<\/strong><\/h2>\n\n\n\n<p class=\"\">En Revicentro, nos enorgullecemos de ofrecer un servicio de alta calidad que se adapta a tus necesidades. Aqu\u00ed tienes algunas razones para elegirnos:<\/p>\n\n\n\n<ul class=\"wp-block-list\">\n<li class=\"\"><strong>Experiencia y confiabilidad:<\/strong> contamos con a\u00f1os de experiencia en el sector de revisi\u00f3n t\u00e9cnica de autos en \u00c1lvarez, lo que nos convierte en tu mejor opci\u00f3n.<\/li>\n\n\n\n<li class=\"\"><strong>Profesionales certificados: <\/strong>nuestro equipo de t\u00e9cnicos est\u00e1 debidamente certificado y capacitado para llevar a cabo inspecciones exhaustivas.<\/li>\n\n\n\n<li class=\"\"><strong>Atenci\u00f3n personalizada: <\/strong>en Revicentro, valoramos a nuestros clientes. Te ofrecemos un servicio personalizado y amable en todo momento.<\/li>\n\n\n\n<li class=\"\"><strong>Tecnolog\u00eda avanzada:<\/strong> utilizamos tecnolog\u00eda de \u00faltima generaci\u00f3n para asegurarnos de que tu veh\u00edculo cumple con todos los requisitos.<\/li>\n<\/ul>\n\n\n\n<h2 class=\"wp-block-heading\"><strong>Nuestros servicios de revisi\u00f3n t\u00e9cnica de autos en \u00c1lvarez<\/strong><\/h2>\n\n\n\n<p class=\"\">Ofrecemos una gama completa de servicios de revisi\u00f3n t\u00e9cnica de autos, que incluyen:<\/p>\n\n\n\n<h3 class=\"wp-block-heading\"><strong>Revisi\u00f3n t\u00e9cnica b\u00e1sica<\/strong><\/h3>\n\n\n\n<p class=\"\">Nuestro servicio de revisi\u00f3n t\u00e9cnica b\u00e1sica incluye:<\/p>\n\n\n\n<ul class=\"wp-block-list\">\n<li class=\"\">Verificaci\u00f3n de emisiones de gases.<\/li>\n\n\n\n<li class=\"\">Inspecci\u00f3n de frenos.<\/li>\n\n\n\n<li class=\"\">Evaluaci\u00f3n de luces y se\u00f1ales.<\/li>\n\n\n\n<li class=\"\">Comprobaci\u00f3n de neum\u00e1ticos y suspensi\u00f3n.<\/li>\n<\/ul>\n\n\n\n<h3 class=\"wp-block-heading\"><strong>Revisi\u00f3n t\u00e9cnica avanzada<\/strong><\/h3>\n\n\n\n<p class=\"\">Si necesitas una revisi\u00f3n m\u00e1s detallada, nuestro servicio de revisi\u00f3n t\u00e9cnica avanzada incluye:<\/p>\n\n\n\n<ul class=\"wp-block-list\">\n<li class=\"\">An\u00e1lisis de emisiones m\u00e1s exhaustivo.<\/li>\n\n\n\n<li class=\"\">Revisi\u00f3n de sistemas el\u00e9ctricos y electr\u00f3nicos.<\/li>\n\n\n\n<li class=\"\">Control de alineaci\u00f3n y balanceo.<\/li>\n\n\n\n<li class=\"\">Inspecci\u00f3n de sistemas de seguridad.<\/li>\n<\/ul>\n\n\n\n<h3 class=\"wp-block-heading\"><strong>Revisi\u00f3n t\u00e9cnica especializada<\/strong><\/h3>\n\n\n\n<p class=\"\">Para veh\u00edculos comerciales o con necesidades espec\u00edficas, ofrecemos servicios de revisi\u00f3n t\u00e9cnica especializada, que pueden incluir:<\/p>\n\n\n\n<ul class=\"wp-block-list\">\n<li class=\"\">Inspecci\u00f3n de veh\u00edculos de carga.<\/li>\n\n\n\n<li class=\"\">Revisi\u00f3n de sistemas de refrigeraci\u00f3n.<\/li>\n\n\n\n<li class=\"\">Control de sistemas de frenado avanzados.<\/li>\n\n\n\n<li class=\"\">Verificaci\u00f3n de sistemas de tracci\u00f3n en veh\u00edculos 4&#215;4.<\/li>\n<\/ul>\n\n\n\n<h3 class=\"wp-block-heading\"><strong>Atenci\u00f3n personalizada<\/strong><\/h3>\n\n\n\n<p class=\"\">En Revicentro, tratamos a cada cliente de manera \u00fanica. Te proporcionamos asesoramiento personalizado y te explicamos cualquier problema que pueda surgir durante la revisi\u00f3n t\u00e9cnica. Nuestro objetivo es que te sientas seguro y satisfecho con nuestro servicio.<\/p>\n\n\n\n<h2 class=\"wp-block-heading\"><strong>Agenda tu cita en Revicentro<\/strong><\/h2>\n\n\n\n<p class=\"\">No pongas en riesgo tu seguridad ni la de los dem\u00e1s. Agenda hoy mismo tu <strong>revisi\u00f3n t\u00e9cnica en \u00c1lvarez<\/strong> con Revicentro y conduce con tranquilidad.<\/p>\n\n\n\n<p class=\"\"><strong>Haz tu reserva en l\u00ednea y vive una experiencia r\u00e1pida, eficiente y sin complicaciones.<\/strong><\/p>\n","protected":false},"excerpt":{"rendered":"<p>Ac\u00e9rcate a nuestra planta de revisi\u00f3n t\u00e9cnica vehicular en \u00c1lvarez, ubicada en Calle Limache 3677, El Salto, Vi\u00f1a del Mar. [&hellip;]<\/p>\n","protected":false},"author":3,"featured_media":206,"comment_status":"open","ping_status":"closed","sticky":false,"template":"","format":"standard","meta":{"nf_dc_page":"","site-sidebar-layout":"default","site-content-layout":"","ast-site-content-layout":"default","site-content-style":"default","site-sidebar-style":"default","ast-global-header-display":"","ast-banner-title-visibility":"","ast-main-header-display":"","ast-hfb-above-header-display":"","ast-hfb-below-header-display":"","ast-hfb-mobile-header-display":"","site-post-title":"","ast-breadcrumbs-content":"","ast-featured-img":"","footer-sml-layout":"","ast-disable-related-posts":"","theme-transparent-header-meta":"","adv-header-id-meta":"","stick-header-meta":"","header-above-stick-meta":"","header-main-stick-meta":"","header-below-stick-meta":"","astra-migrate-meta-layouts":"default","ast-page-background-enabled":"default","ast-page-background-meta":{"desktop":{"background-color":"var(--ast-global-color-4)","background-image":"","background-repeat":"repeat","background-position":"center center","background-size":"auto","background-attachment":"scroll","background-type":"","background-media":"","overlay-type":"","overlay-color":"","overlay-opacity":"","overlay-gradient":""},"tablet":{"background-color":"","background-image":"","background-repeat":"repeat","background-position":"center center","background-size":"auto","background-attachment":"scroll","background-type":"","background-media":"","overlay-type":"","overlay-color":"","overlay-opacity":"","overlay-gradient":""},"mobile":{"background-color":"","background-image":"","background-repeat":"repeat","background-position":"center center","background-size":"auto","background-attachment":"scroll","background-type":"","background-media":"","overlay-type":"","overlay-color":"","overlay-opacity":"","overlay-gradient":""}},"ast-content-background-meta":{"desktop":{"background-color":"var(--ast-global-color-5)","background-image":"","background-repeat":"repeat","background-position":"center center","background-size":"auto","background-attachment":"scroll","background-type":"","background-media":"","overlay-type":"","overlay-color":"","overlay-opacity":"","overlay-gradient":""},"tablet":{"background-color":"var(--ast-global-color-5)","background-image":"","background-repeat":"repeat","background-position":"center center","background-size":"auto","background-attachment":"scroll","background-type":"","background-media":"","overlay-type":"","overlay-color":"","overlay-opacity":"","overlay-gradient":""},"mobile":{"background-color":"var(--ast-global-color-5)","background-image":"","background-repeat":"repeat","background-position":"center center","background-size":"auto","background-attachment":"scroll","background-type":"","background-media":"","overlay-type":"","overlay-color":"","overlay-opacity":"","overlay-gradient":""}},"footnotes":""},"categories":[4],"tags":[],"class_list":["post-215","post","type-post","status-publish","format-standard","has-post-thumbnail","hentry","category-plantas-revision"],"rank_math_title":"Revisi\u00f3n t\u00e9cnica en \u00c1lvarez - Revicentro","rank_math_description":"\u00a1No arriesgues tu seguridad vial ni la de los dem\u00e1s! Agenda tu revisi\u00f3n t\u00e9cnica en \u00c1lvarez con Revicentro y conduce con confianza.\n","rank_math_focus_keyword":"revision tecnica","_links":{"self":[{"href":"https:\/\/revicentro.cl\/blog\/wp-json\/wp\/v2\/posts\/215","targetHints":{"allow":["GET"]}}],"collection":[{"href":"https:\/\/revicentro.cl\/blog\/wp-json\/wp\/v2\/posts"}],"about":[{"href":"https:\/\/revicentro.cl\/blog\/wp-json\/wp\/v2\/types\/post"}],"author":[{"embeddable":true,"href":"https:\/\/revicentro.cl\/blog\/wp-json\/wp\/v2\/users\/3"}],"replies":[{"embeddable":true,"href":"https:\/\/revicentro.cl\/blog\/wp-json\/wp\/v2\/comments?post=215"}],"version-history":[{"count":3,"href":"https:\/\/revicentro.cl\/blog\/wp-json\/wp\/v2\/posts\/215\/revisions"}],"predecessor-version":[{"id":427,"href":"https:\/\/revicentro.cl\/blog\/wp-json\/wp\/v2\/posts\/215\/revisions\/427"}],"wp:featuredmedia":[{"embeddable":true,"href":"https:\/\/revicentro.cl\/blog\/wp-json\/wp\/v2\/media\/206"}],"wp:attachment":[{"href":"https:\/\/revicentro.cl\/blog\/wp-json\/wp\/v2\/media?parent=215"}],"wp:term":[{"taxonomy":"category","embeddable":true,"href":"https:\/\/revicentro.cl\/blog\/wp-json\/wp\/v2\/categories?post=215"},{"taxonomy":"post_tag","embeddable":true,"href":"https:\/\/revicentro.cl\/blog\/wp-json\/wp\/v2\/tags?post=215"}],"curies":[{"name":"wp","href":"https:\/\/api.w.org\/{rel}","templated":true}]}}