{"id":11859,"date":"2026-01-26T16:42:57","date_gmt":"2026-01-26T19:42:57","guid":{"rendered":"https:\/\/revicentro.cl\/blog\/?p=11859"},"modified":"2026-01-26T16:43:00","modified_gmt":"2026-01-26T19:43:00","slug":"autos-para-discapacitados-chile-beneficios","status":"publish","type":"post","link":"https:\/\/revicentro.cl\/blog\/autos-para-discapacitados-chile-beneficios\/","title":{"rendered":"Autos para personas con discapacidad: Independencia sobre ruedas"},"content":{"rendered":"\n<p class=\"\">Para muchas personas, un autom\u00f3vil es simplemente un medio de transporte. Pero para una Persona con Discapacidad (PeCD) o con movilidad reducida, un auto adaptado es sin\u00f3nimo de <strong>autonom\u00eda, libertad e inclusi\u00f3n<\/strong>.<\/p>\n\n\n\n<p class=\"\">En Chile, la legislaci\u00f3n ha avanzado para facilitar el acceso a estos veh\u00edculos, pero el proceso y las opciones t\u00e9cnicas a veces pueden parecer un laberinto burocr\u00e1tico. Desde el equipo de Revicentro, hemos preparado esta gu\u00eda para explicarte de forma sencilla c\u00f3mo funciona la franquicia aduanera, qu\u00e9 adaptaciones existen y c\u00f3mo cuidar esa inversi\u00f3n tan importante.<\/p>\n\n\n\n<figure class=\"wp-block-image aligncenter size-full\"><img fetchpriority=\"high\" decoding=\"async\" width=\"667\" height=\"1000\" src=\"https:\/\/revicentro.cl\/blog\/wp-content\/smush-webp\/2026\/01\/autos-para-discapacitados-mantenimiento.jpg.webp\" alt=\"\" class=\"wp-image-11860\" srcset=\"https:\/\/revicentro.cl\/blog\/wp-content\/smush-webp\/2026\/01\/autos-para-discapacitados-mantenimiento.jpg.webp 667w, https:\/\/revicentro.cl\/blog\/wp-content\/smush-webp\/2026\/01\/autos-para-discapacitados-mantenimiento-400x600.jpg.webp 400w\" sizes=\"(max-width: 667px) 100vw, 667px\" \/><\/figure>\n\n\n\n<h2 class=\"wp-block-heading\"><strong>\u00bfQu\u00e9 se considera un &#8220;auto para discapacitados&#8221;?<\/strong><\/h2>\n\n\n\n<p class=\"\">No existe un modelo de f\u00e1brica que venga etiquetado exclusivamente como tal. Se trata de veh\u00edculos convencionales que han sido modificados o que cuentan con caracter\u00edsticas espec\u00edficas (como puertas correderas autom\u00e1ticas o gran espacio interior) que facilitan su uso por personas con movilidad reducida.<\/p>\n\n\n\n<p class=\"\">Las adaptaciones pueden dividirse en dos grandes grupos:<\/p>\n\n\n\n<ol class=\"wp-block-list\">\n<li class=\"\"><strong>Para conducci\u00f3n:<\/strong> Sistemas que permiten manejar el auto usando solo las manos (aceleradores y frenos al volante, pomos de direcci\u00f3n, comandos de voz).<\/li>\n\n\n\n<li class=\"\"><strong>Para transporte:<\/strong> Rampas de acceso, plataformas elevadoras y sistemas de anclaje para sillas de ruedas, ideales para quienes viajan como pasajeros.<\/li>\n<\/ol>\n\n\n\n<h2 class=\"wp-block-heading\"><strong>La Franquicia de Discapacidad en Chile: Un beneficio clave<\/strong><\/h2>\n\n\n\n<p class=\"\">Si vives en Chile y cuentas con tu credencial de discapacidad, debes saber que el Estado ofrece un beneficio tributario importante a trav\u00e9s de la Ley 20.422. Esto permite importar veh\u00edculos (nuevos o usados) con rebajas arancelarias considerables.<\/p>\n\n\n\n<h3 class=\"wp-block-heading\"><strong>\u00bfEn qu\u00e9 consiste el beneficio?<\/strong><\/h3>\n\n\n\n<p class=\"\">La franquicia aduanera te permite importar un veh\u00edculo con caracter\u00edsticas especiales pagando:<\/p>\n\n\n\n<ul class=\"wp-block-list\">\n<li class=\"\"><strong>50% de rebaja en el Arancel Aduanero.<\/strong><\/li>\n\n\n\n<li class=\"\"><strong>Pago del IVA en cuotas:<\/strong> Posibilidad de pagar el Impuesto al Valor Agregado (19%) hasta en 36 cuotas mensuales.<\/li>\n\n\n\n<li class=\"\"><strong>Importaci\u00f3n de usados:<\/strong> A diferencia del r\u00e9gimen general, esta ley permite importar autos usados, lo que abre el abanico a veh\u00edculos ya adaptados provenientes de pa\u00edses como Jap\u00f3n o EE.UU.<\/li>\n<\/ul>\n\n\n\n<h3 class=\"wp-block-heading\"><strong>Requisitos principales<\/strong><\/h3>\n\n\n\n<p class=\"\">Para postular a este beneficio ante el Servicio Nacional de Aduanas, generalmente necesitas:<\/p>\n\n\n\n<ol class=\"wp-block-list\">\n<li class=\"\"><strong>Resoluci\u00f3n del COMPIN:<\/strong> Un certificado que acredite tu condici\u00f3n de salud y recomiende el uso de un veh\u00edculo especial.<\/li>\n\n\n\n<li class=\"\"><strong>Inscripci\u00f3n en el Registro Nacional de la Discapacidad:<\/strong> Gestionado por el Registro Civil (Credencial de Discapacidad).<\/li>\n\n\n\n<li class=\"\"><strong>Capacidad econ\u00f3mica:<\/strong> Acreditar que puedes comprar y mantener el veh\u00edculo.<\/li>\n<\/ol>\n\n\n\n<figure class=\"wp-block-image aligncenter size-full\"><img decoding=\"async\" width=\"1000\" height=\"667\" src=\"https:\/\/revicentro.cl\/blog\/wp-content\/smush-webp\/2026\/01\/autos-para-discapacitados.jpg.webp\" alt=\"\" class=\"wp-image-11862\" srcset=\"https:\/\/revicentro.cl\/blog\/wp-content\/smush-webp\/2026\/01\/autos-para-discapacitados.jpg.webp 1000w, https:\/\/revicentro.cl\/blog\/wp-content\/smush-webp\/2026\/01\/autos-para-discapacitados-600x400.jpg.webp 600w, https:\/\/revicentro.cl\/blog\/wp-content\/smush-webp\/2026\/01\/autos-para-discapacitados-768x512.jpg.webp 768w\" sizes=\"(max-width: 1000px) 100vw, 1000px\" \/><\/figure>\n\n\n\n<h2 class=\"wp-block-heading\"><strong>Tipos de adaptaciones m\u00e1s comunes<\/strong><\/h2>\n\n\n\n<p class=\"\">Para que sepas qu\u00e9 buscar seg\u00fan tu necesidad, aqu\u00ed te dejamos un resumen de las modificaciones m\u00e1s frecuentes que vemos en el mercado chileno:<\/p>\n\n\n\n<figure class=\"wp-block-table\"><table class=\"has-fixed-layout\"><tbody><tr><td><strong>Adaptaci\u00f3n<\/strong><\/td><td><strong>\u00bfPara qu\u00e9 sirve?<\/strong><\/td><td><strong>Usuario ideal<\/strong><\/td><\/tr><tr><td><strong>Inversor de pedal<\/strong><\/td><td>Pasa el acelerador al pie izquierdo.<\/td><td>Personas con amputaci\u00f3n o inmovilidad en pierna derecha.<\/td><\/tr><tr><td><strong>Pomo al volante<\/strong><\/td><td>Permite girar el volante con una sola mano y menor esfuerzo.<\/td><td>Personas con hemiplejia o debilidad en brazos.<\/td><\/tr><tr><td><strong>Control manual (Push\/Pull)<\/strong><\/td><td>Palanca para acelerar y frenar con la mano.<\/td><td>Usuarios de silla de ruedas (paraplejia).<\/td><\/tr><tr><td><strong>Plataforma elevadora<\/strong><\/td><td>Sube la silla de ruedas al veh\u00edculo mec\u00e1nicamente.<\/td><td>Usuarios de sillas el\u00e9ctricas o pesadas.<\/td><\/tr><\/tbody><\/table><\/figure>\n\n\n\n<h2 class=\"wp-block-heading\"><strong>Mantenimiento: La seguridad es lo primero<\/strong><\/h2>\n\n\n\n<p class=\"\">Un auto adaptado tiene m\u00e1s componentes que un auto est\u00e1ndar. Los sistemas hidr\u00e1ulicos de las rampas o los controles electr\u00f3nicos manuales requieren una revisi\u00f3n peri\u00f3dica. Una falla en el mando manual de freno, por ejemplo, es un riesgo cr\u00edtico que no puedes correr.<\/p>\n\n\n\n<p class=\"\">Adem\u00e1s, si importas un veh\u00edculo usado (por ejemplo, v\u00eda Zona Franca en Iquique), es vital realizar un chequeo completo apenas llegue a tus manos, ya que no conoces el historial real de mantenimiento del due\u00f1o anterior.<\/p>\n\n\n\n<figure class=\"wp-block-image aligncenter size-full\"><img decoding=\"async\" width=\"1000\" height=\"667\" src=\"https:\/\/revicentro.cl\/blog\/wp-content\/smush-webp\/2026\/01\/autos-para-discapacitados-beneficios.jpg.webp\" alt=\"\" class=\"wp-image-11861\" srcset=\"https:\/\/revicentro.cl\/blog\/wp-content\/smush-webp\/2026\/01\/autos-para-discapacitados-beneficios.jpg.webp 1000w, https:\/\/revicentro.cl\/blog\/wp-content\/smush-webp\/2026\/01\/autos-para-discapacitados-beneficios-600x400.jpg.webp 600w, https:\/\/revicentro.cl\/blog\/wp-content\/smush-webp\/2026\/01\/autos-para-discapacitados-beneficios-768x512.jpg.webp 768w\" sizes=\"(max-width: 1000px) 100vw, 1000px\" \/><\/figure>\n\n\n\n<h2 class=\"wp-block-heading\"><strong>En Revicentro cuidamos tu independencia<\/strong><\/h2>\n\n\n\n<p class=\"\">Sabemos que tu auto es tus piernas y tu libertad. Por eso, en Revicentro nos tomamos muy en serio la mantenci\u00f3n de veh\u00edculos adaptados y convencionales.<\/p>\n\n\n\n<p class=\"\">Si acabas de adquirir tu veh\u00edculo o sientes que las adaptaciones necesitan un ajuste:<\/p>\n\n\n\n<ul class=\"wp-block-list\">\n<li class=\"\">Revisamos el sistema de frenos (vital si usas controles manuales).<\/li>\n\n\n\n<li class=\"\">Chequeamos la suspensi\u00f3n, que suele sufrir m\u00e1s carga por el peso de rampas o sillas el\u00e9ctricas.<\/li>\n\n\n\n<li class=\"\">Realizamos alineaci\u00f3n y balanceo para asegurar una conducci\u00f3n suave y sin esfuerzo.<\/li>\n<\/ul>\n\n\n\n<p class=\"\"><strong>Mant\u00e9n tu libertad en movimiento.<\/strong> <a href=\"https:\/\/revicentro.cl\/plantas.php\">Agenda tu hora en Revicentro<\/a> y viaja con la tranquilidad que mereces.<\/p>\n","protected":false},"excerpt":{"rendered":"<p>Para muchas personas, un autom\u00f3vil es simplemente un medio de transporte. Pero para una Persona con Discapacidad (PeCD) o con [&hellip;]<\/p>\n","protected":false},"author":5,"featured_media":11863,"comment_status":"open","ping_status":"closed","sticky":false,"template":"","format":"standard","meta":{"nf_dc_page":"","site-sidebar-layout":"default","site-content-layout":"","ast-site-content-layout":"default","site-content-style":"default","site-sidebar-style":"default","ast-global-header-display":"","ast-banner-title-visibility":"","ast-main-header-display":"","ast-hfb-above-header-display":"","ast-hfb-below-header-display":"","ast-hfb-mobile-header-display":"","site-post-title":"","ast-breadcrumbs-content":"","ast-featured-img":"","footer-sml-layout":"","ast-disable-related-posts":"","theme-transparent-header-meta":"","adv-header-id-meta":"","stick-header-meta":"","header-above-stick-meta":"","header-main-stick-meta":"","header-below-stick-meta":"","astra-migrate-meta-layouts":"default","ast-page-background-enabled":"default","ast-page-background-meta":{"desktop":{"background-color":"var(--ast-global-color-4)","background-image":"","background-repeat":"repeat","background-position":"center center","background-size":"auto","background-attachment":"scroll","background-type":"","background-media":"","overlay-type":"","overlay-color":"","overlay-opacity":"","overlay-gradient":""},"tablet":{"background-color":"","background-image":"","background-repeat":"repeat","background-position":"center center","background-size":"auto","background-attachment":"scroll","background-type":"","background-media":"","overlay-type":"","overlay-color":"","overlay-opacity":"","overlay-gradient":""},"mobile":{"background-color":"","background-image":"","background-repeat":"repeat","background-position":"center center","background-size":"auto","background-attachment":"scroll","background-type":"","background-media":"","overlay-type":"","overlay-color":"","overlay-opacity":"","overlay-gradient":""}},"ast-content-background-meta":{"desktop":{"background-color":"var(--ast-global-color-5)","background-image":"","background-repeat":"repeat","background-position":"center center","background-size":"auto","background-attachment":"scroll","background-type":"","background-media":"","overlay-type":"","overlay-color":"","overlay-opacity":"","overlay-gradient":""},"tablet":{"background-color":"var(--ast-global-color-5)","background-image":"","background-repeat":"repeat","background-position":"center center","background-size":"auto","background-attachment":"scroll","background-type":"","background-media":"","overlay-type":"","overlay-color":"","overlay-opacity":"","overlay-gradient":""},"mobile":{"background-color":"var(--ast-global-color-5)","background-image":"","background-repeat":"repeat","background-position":"center center","background-size":"auto","background-attachment":"scroll","background-type":"","background-media":"","overlay-type":"","overlay-color":"","overlay-opacity":"","overlay-gradient":""}},"footnotes":""},"categories":[1],"tags":[],"class_list":["post-11859","post","type-post","status-publish","format-standard","has-post-thumbnail","hentry","category-uncategorized"],"rank_math_title":"Autos para personas con discapacidad en Chile: Beneficios y adaptaciones","rank_math_description":"Conoce los beneficios del Estado para importar autos para personas con discapacidad en Chile (Franquicia Aduanera), qu\u00e9 adaptaciones existen y c\u00f3mo mantener tu veh\u00edculo seguro.\n","rank_math_focus_keyword":"autos para discapacitados","_links":{"self":[{"href":"https:\/\/revicentro.cl\/blog\/wp-json\/wp\/v2\/posts\/11859","targetHints":{"allow":["GET"]}}],"collection":[{"href":"https:\/\/revicentro.cl\/blog\/wp-json\/wp\/v2\/posts"}],"about":[{"href":"https:\/\/revicentro.cl\/blog\/wp-json\/wp\/v2\/types\/post"}],"author":[{"embeddable":true,"href":"https:\/\/revicentro.cl\/blog\/wp-json\/wp\/v2\/users\/5"}],"replies":[{"embeddable":true,"href":"https:\/\/revicentro.cl\/blog\/wp-json\/wp\/v2\/comments?post=11859"}],"version-history":[{"count":1,"href":"https:\/\/revicentro.cl\/blog\/wp-json\/wp\/v2\/posts\/11859\/revisions"}],"predecessor-version":[{"id":11864,"href":"https:\/\/revicentro.cl\/blog\/wp-json\/wp\/v2\/posts\/11859\/revisions\/11864"}],"wp:featuredmedia":[{"embeddable":true,"href":"https:\/\/revicentro.cl\/blog\/wp-json\/wp\/v2\/media\/11863"}],"wp:attachment":[{"href":"https:\/\/revicentro.cl\/blog\/wp-json\/wp\/v2\/media?parent=11859"}],"wp:term":[{"taxonomy":"category","embeddable":true,"href":"https:\/\/revicentro.cl\/blog\/wp-json\/wp\/v2\/categories?post=11859"},{"taxonomy":"post_tag","embeddable":true,"href":"https:\/\/revicentro.cl\/blog\/wp-json\/wp\/v2\/tags?post=11859"}],"curies":[{"name":"wp","href":"https:\/\/api.w.org\/{rel}","templated":true}]}}